 {"id":13973,"date":"2023-11-09T18:02:00","date_gmt":"2023-11-09T16:02:00","guid":{"rendered":"https:\/\/empresesambproposit.cat\/segunda-jornada-innovalors-del-ebc-cataluna\/"},"modified":"2023-11-09T18:02:00","modified_gmt":"2023-11-09T16:02:00","slug":"segunda-jornada-innovalors-del-ebc-cataluna","status":"publish","type":"post","link":"https:\/\/empresesambproposit.cat\/es\/segunda-jornada-innovalors-del-ebc-cataluna\/","title":{"rendered":"Segunda Jornada Innovalors del EBC Catalu\u00f1a"},"content":{"rendered":"<p><img loading=\"lazy\" decoding=\"async\" class=\"size-medium wp-image-47692 alignleft\" src=\"https:\/\/respon.cat\/wp-content\/uploads\/2023\/11\/Innovalors-300x186.png\" alt=\"Jornada Innovalors\" width=\"300\" height=\"186\"><\/p>\n<ul>\n<li><strong>La Asociaci\u00f3n Catalana para el Fomento de la Econom\u00eda del Bien Com\u00fan<\/strong>, una de las entidades promotoras del <a href=\"https:\/\/empresesambproposit.cat\/es\/inicio\/manifiesto-por-una-economia-con-proposito\/\"><strong>Manifiesto por una Econom\u00eda con prop\u00f3sito,<\/strong><\/a> organiza la <b>segunda Jornada Innovalors.<\/b><\/li>\n<li>La jornada quiere analizar <strong>la visi\u00f3n del mercado de los productos sostenibles<\/strong> y evaluar si se dan las <strong>condiciones para poner en valor estos productos.<\/strong><\/li>\n<li>Durante la jornada se har\u00e1 entrega del <strong>segundo galard\u00f3n Innovalors<\/strong>, que reconoce las buenas pr\u00e1cticas que unen innovaci\u00f3n y valores.<\/li>\n<li>Esta jornada est\u00e1 alineada con el <strong>Manifiesto por una Econom\u00eda con prop\u00f3sito<\/strong> que promueve la evoluci\u00f3n de un <em>capitalismo de accionistas<\/em> a un <em>capitalismo de grupos de inter\u00e9s<\/em>.<\/li>\n<li>Este Manifiesto lo han firmado empresas que quieren <strong>repensar las bases de c\u00f3mo debemos relacionarnos como sociedad<\/strong> y el papel de cada actor, gobiernos, organizaciones sociales, ciudadan\u00eda, y el papel fundamental de las empresas. Tambi\u00e9n <strong>la ciudadan\u00eda es un actor fundamental<\/strong>, en sus actitudes, en su <strong>conciencia, valorando la compra sostenible<\/strong>.<\/li>\n<\/ul>\n[spacer color=\u00bbED8C00&#8243; icon=\u00bbSelect a Icon\u00bb]\n<ul>\n<li><strong>FECHA<\/strong>: martes 14 de noviembre<\/li>\n<li><strong>HORA<\/strong>: 16.00h<\/li>\n<li><strong>LUGAR:<\/strong> Can Jaumandreu de la Universitat Oberta de Catalunya (UOC), ubicado en el Distrito 22@ de Barcelona.<\/li>\n<\/ul>\n<p style=\"text-align: center;\">[button link=\u00bbhttps:\/\/ecogood.us5.list-manage.com\/track\/click?u=78bccc5b7cc99cdfac6c765f5&amp;id=83a37313b4&amp;e=eef993fe89&#8243; size=\u00bbmedium\u00bb icon=\u00bbSelect a Icon\u00bb side=\u00bbleft\u00bb target=\u00bb\u00bb color=\u00bbed8c00&#8243; textcolor=\u00bbffffff\u00bb]Programa[\/button] [button link=\u00bbhttps:\/\/ecogood.us5.list-manage.com\/track\/click?u=78bccc5b7cc99cdfac6c765f5&amp;id=ebc1c8e242&amp;e=eef993fe89&#8243; size=\u00bbmedium\u00bb icon=\u00bbSelect a Icon\u00bb side=\u00bbleft\u00bb target=\u00bb\u00bb color=\u00bbed8c00&#8243; textcolor=\u00bbffffff\u00bb]Inscripciones[\/button]\n[spacer color=\u00bbED8C00&#8243; icon=\u00bbSelect a Icon\u00bb]\n<div>\n<p align=\"justify\">La segunda jornada Innovalors tratar\u00e1 de dar respuesta a estas y otras preguntas para analizar <strong>la visi\u00f3n del mercado de los productos sostenibles<\/strong> y evaluar si se dan las <strong>condiciones para poner en valor estos productos<\/strong> .<\/p>\n<p align=\"justify\"><strong>Jordi Oliver<\/strong>, cofundador y CEO del estudio de ecoinnovaci\u00f3n estrat\u00e9gica <strong>In\u00e8dit<\/strong>, nos hablar\u00e1 de la percepci\u00f3n del consumidor en cuanto a los servicios y productos sostenibles.<\/p>\n<p align=\"justify\">A continuaci\u00f3n tendr\u00e1 lugar la mesa redonda <strong>La visi\u00f3n del mercado de productos sostenibles. \u00bfSe dan las condiciones para ponerlos en valor?<\/strong>, moderada por August Corrons, subdirector de Alianzas, Comunidad y Cultura de la UOC, y con la participaci\u00f3n de:<\/p>\n<ul>\n<li>\n<p align=\"justify\"><strong>Llu\u00eds Junc\u00e0<\/strong> , Director General de Innovaci\u00f3n, Econom\u00eda Digital y Emprendedur\u00eda. Generalitat de Catalunya<\/p>\n<\/li>\n<li>\n<p align=\"justify\"><strong>Jordi Ortiz<\/strong> , director general de Secartys<\/p>\n<\/li>\n<li>\n<p align=\"justify\"><strong>Pol Espadamala<\/strong>, director de marketing de La Fageda<\/p>\n<\/li>\n<li>\n<p align=\"justify\"><strong>Xavier Ribera<\/strong>, director de marketing de BASF<\/p>\n<\/li>\n<li>\n<p align=\"justify\"><strong>Jatinder J Singh<\/strong>, profesor de marketing en EADA<\/p>\n<\/li>\n<li>\n<p align=\"justify\"><strong>Jordi Mora<\/strong>, presidente de ACFEBC<\/p>\n<\/li>\n<\/ul>\n<\/div>\n","protected":false},"excerpt":{"rendered":"<p>La Asociaci\u00f3n Catalana para el Fomento de la Econom\u00eda del Bien Com\u00fan, una de las entidades promotoras del Manifiesto por una Econom\u00eda con prop\u00f3sito, organiza la segunda Jornada Innovalors. La jornada quiere analizar la visi\u00f3n del mercado de los productos sostenibles y evaluar si se dan las condiciones para poner en valor estos productos. Durante la jornada se har\u00e1 entrega [&hellip;]<\/p>\n","protected":false},"author":8,"featured_media":13912,"comment_status":"closed","ping_status":"closed","sticky":false,"template":"","format":"standard","meta":{"_monsterinsights_skip_tracking":false,"_monsterinsights_sitenote_active":false,"_monsterinsights_sitenote_note":"","_monsterinsights_sitenote_category":0,"footnotes":""},"categories":[24],"tags":[],"class_list":["post-13973","post","type-post","status-publish","format-standard","has-post-thumbnail","hentry","category-sin-categorizar"],"_links":{"self":[{"href":"https:\/\/empresesambproposit.cat\/es\/wp-json\/wp\/v2\/posts\/13973","targetHints":{"allow":["GET"]}}],"collection":[{"href":"https:\/\/empresesambproposit.cat\/es\/wp-json\/wp\/v2\/posts"}],"about":[{"href":"https:\/\/empresesambproposit.cat\/es\/wp-json\/wp\/v2\/types\/post"}],"author":[{"embeddable":true,"href":"https:\/\/empresesambproposit.cat\/es\/wp-json\/wp\/v2\/users\/8"}],"replies":[{"embeddable":true,"href":"https:\/\/empresesambproposit.cat\/es\/wp-json\/wp\/v2\/comments?post=13973"}],"version-history":[{"count":0,"href":"https:\/\/empresesambproposit.cat\/es\/wp-json\/wp\/v2\/posts\/13973\/revisions"}],"wp:featuredmedia":[{"embeddable":true,"href":"https:\/\/empresesambproposit.cat\/es\/wp-json\/wp\/v2\/media\/13912"}],"wp:attachment":[{"href":"https:\/\/empresesambproposit.cat\/es\/wp-json\/wp\/v2\/media?parent=13973"}],"wp:term":[{"taxonomy":"category","embeddable":true,"href":"https:\/\/empresesambproposit.cat\/es\/wp-json\/wp\/v2\/categories?post=13973"},{"taxonomy":"post_tag","embeddable":true,"href":"https:\/\/empresesambproposit.cat\/es\/wp-json\/wp\/v2\/tags?post=13973"}],"curies":[{"name":"wp","href":"https:\/\/api.w.org\/{rel}","templated":true}]}}